{"id":3437,"date":"2025-07-17T08:46:01","date_gmt":"2025-07-17T08:46:01","guid":{"rendered":"https:\/\/www.umraniyeminibus.com\/?p=3437"},"modified":"2025-07-17T08:50:13","modified_gmt":"2025-07-17T08:50:13","slug":"umraniye-belediye-baskani-ismet-yildirima-makaminda-ziyaret-nizam-saglamdan-plaket","status":"publish","type":"post","link":"https:\/\/www.umraniyeminibus.com\/?p=3437","title":{"rendered":"\u00dcmraniye Belediye Ba\u015fkan\u0131 \u0130smet Y\u0131ld\u0131r\u0131m\u2019a Makam\u0131nda Ziyaret: Nizam Sa\u011flam\u2019dan Plaket"},"content":{"rendered":"\n<p>\u00dcmraniye Minib\u00fcs\u00e7\u00fcler Esnaf Odas\u0131 olarak, \u00dcmraniye Belediye Ba\u015fkan\u0131m\u0131z Say\u0131n \u0130smet Y\u0131ld\u0131r\u0131m\u2019\u0131 makam\u0131nda ziyaret ettik. Ger\u00e7ekle\u015fen bu anlaml\u0131 ziyarette, minib\u00fcs\u00e7\u00fc esnaf\u0131n\u0131n talepleri ve yerel hizmetler konusunda kar\u015f\u0131l\u0131kl\u0131 g\u00f6r\u00fc\u015f al\u0131\u015fveri\u015finde bulunuldu.<\/p>\n\n\n\n<p>Ziyaret s\u0131ras\u0131nda, \u00dcmraniye Minib\u00fcs\u00e7\u00fcler Esnaf Odas\u0131 Ba\u015fkan\u0131 Nizam Sa\u011flam taraf\u0131ndan Say\u0131n \u0130smet Y\u0131ld\u0131r\u0131m\u2019a, esnaf\u0131m\u0131za sundu\u011fu destekler ve samimi ilgisinden \u00f6t\u00fcr\u00fc bir te\u015fekk\u00fcr plaketi takdim edildi. Ba\u015fkan Nizam Sa\u011flam, \u201cSay\u0131n Belediye Ba\u015fkan\u0131m\u0131za minib\u00fcs\u00e7\u00fc esnaf\u0131m\u0131za verdi\u011fi de\u011ferli katk\u0131lar i\u00e7in te\u015fekk\u00fcr ediyoruz. Kendisi her zaman bizlerin yan\u0131nda oldu,\u201d ifadelerini kulland\u0131.<\/p>\n\n\n\n<p>Belediye Ba\u015fkan\u0131 \u0130smet Y\u0131ld\u0131r\u0131m ise minib\u00fcs\u00e7\u00fc esnaf\u0131n\u0131n toplumun ta\u015f\u0131ma y\u00fck\u00fcn\u00fc \u00fcstlenen \u00f6nemli bir kesim oldu\u011funu belirterek, esnafla i\u015f birli\u011fine her zaman a\u00e7\u0131k olduklar\u0131n\u0131 vurgulad\u0131.<\/p>\n\n\n\n<p>Ziyaret, kar\u015f\u0131l\u0131kl\u0131 memnuniyet ve iyi niyet temennileriyle sona erdi. \u00dcmraniye Minib\u00fcs\u00e7\u00fcler Esnaf Odas\u0131 olarak, yerel y\u00f6neticilerimizle kurdu\u011fumuz g\u00fc\u00e7l\u00fc ba\u011flar\u0131n, esnaf\u0131m\u0131z i\u00e7in daha iyi hizmetlere vesile olaca\u011f\u0131na inan\u0131yoruz.<\/p>\n","protected":false},"excerpt":{"rendered":"<p>\u00dcmraniye Minib\u00fcs\u00e7\u00fcler Esnaf Odas\u0131 olarak, \u00dcmraniye Belediye Ba\u015fkan\u0131m\u0131z Say\u0131n \u0130smet Y\u0131ld\u0131r\u0131m\u2019\u0131 makam\u0131nda ziyaret ettik. Ger\u00e7ekle\u015fen bu anlaml\u0131 ziyarette, minib\u00fcs\u00e7\u00fc esnaf\u0131n\u0131n talepleri ve yerel hizmetler konusunda kar\u015f\u0131l\u0131kl\u0131 g\u00f6r\u00fc\u015f al\u0131\u015fveri\u015finde bulunuldu. Ziyaret s\u0131ras\u0131nda, \u00dcmraniye Minib\u00fcs\u00e7\u00fcler Esnaf Odas\u0131 Ba\u015fkan\u0131 Nizam Sa\u011flam taraf\u0131ndan Say\u0131n \u0130smet Y\u0131ld\u0131r\u0131m\u2019a, esnaf\u0131m\u0131za sundu\u011fu destekler ve samimi ilgisinden \u00f6t\u00fcr\u00fc bir te\u015fekk\u00fcr plaketi takdim edildi. Ba\u015fkan [&hellip;]<\/p>\n","protected":false},"author":1,"featured_media":3438,"comment_status":"open","ping_status":"open","sticky":false,"template":"","format":"standard","meta":{"_monsterinsights_skip_tracking":false,"_monsterinsights_sitenote_active":false,"_monsterinsights_sitenote_note":"","_monsterinsights_sitenote_category":0,"footnotes":""},"categories":[5],"tags":[],"class_list":["post-3437","post","type-post","status-publish","format-standard","has-post-thumbnail","hentry","category-ziyaret"],"aioseo_notices":[],"_links":{"self":[{"href":"https:\/\/www.umraniyeminibus.com\/index.php?rest_route=\/wp\/v2\/posts\/3437","targetHints":{"allow":["GET"]}}],"collection":[{"href":"https:\/\/www.umraniyeminibus.com\/index.php?rest_route=\/wp\/v2\/posts"}],"about":[{"href":"https:\/\/www.umraniyeminibus.com\/index.php?rest_route=\/wp\/v2\/types\/post"}],"author":[{"embeddable":true,"href":"https:\/\/www.umraniyeminibus.com\/index.php?rest_route=\/wp\/v2\/users\/1"}],"replies":[{"embeddable":true,"href":"https:\/\/www.umraniyeminibus.com\/index.php?rest_route=%2Fwp%2Fv2%2Fcomments&post=3437"}],"version-history":[{"count":1,"href":"https:\/\/www.umraniyeminibus.com\/index.php?rest_route=\/wp\/v2\/posts\/3437\/revisions"}],"predecessor-version":[{"id":3439,"href":"https:\/\/www.umraniyeminibus.com\/index.php?rest_route=\/wp\/v2\/posts\/3437\/revisions\/3439"}],"wp:featuredmedia":[{"embeddable":true,"href":"https:\/\/www.umraniyeminibus.com\/index.php?rest_route=\/wp\/v2\/media\/3438"}],"wp:attachment":[{"href":"https:\/\/www.umraniyeminibus.com\/index.php?rest_route=%2Fwp%2Fv2%2Fmedia&parent=3437"}],"wp:term":[{"taxonomy":"category","embeddable":true,"href":"https:\/\/www.umraniyeminibus.com\/index.php?rest_route=%2Fwp%2Fv2%2Fcategories&post=3437"},{"taxonomy":"post_tag","embeddable":true,"href":"https:\/\/www.umraniyeminibus.com\/index.php?rest_route=%2Fwp%2Fv2%2Ftags&post=3437"}],"curies":[{"name":"wp","href":"https:\/\/api.w.org\/{rel}","templated":true}]}}