{"id":3433,"date":"2025-07-17T08:38:53","date_gmt":"2025-07-17T08:38:53","guid":{"rendered":"https:\/\/www.umraniyeminibus.com\/?p=3433"},"modified":"2025-07-17T08:38:59","modified_gmt":"2025-07-17T08:38:59","slug":"istanbul-valisi-davut-gule-umraniye-minibusculer-esnaf-odasindan-plaket","status":"publish","type":"post","link":"https:\/\/www.umraniyeminibus.com\/?p=3433","title":{"rendered":"\u0130stanbul Valisi Davut G\u00fcl\u2019e \u00dcmraniye Minib\u00fcs\u00e7\u00fcler Esnaf Odas\u0131\u2019ndan Plaket"},"content":{"rendered":"\n<p>\u0130stanbul Valimiz Say\u0131n Davut G\u00fcl, \u00dcmraniye Minib\u00fcs\u00e7\u00fcler Esnaf Odas\u0131\u2019n\u0131 ziyaret ederek, minib\u00fcs\u00e7\u00fc esnaf\u0131m\u0131zla bir araya geldi. Ziyaret s\u0131ras\u0131nda esnaf\u0131m\u0131z\u0131n talep ve beklentilerini dinleyen Say\u0131n G\u00fcl\u2019e, odam\u0131z ve \u00fcyelerimize g\u00f6sterdi\u011fi yak\u0131n ilgi ve destekten dolay\u0131 te\u015fekk\u00fcr plaketi takdim edildi.<\/p>\n\n\n\n<p>Ziyarette, \u00dcmraniye Minib\u00fcs\u00e7\u00fcler Esnaf Odas\u0131 Ba\u015fkan\u0131 Nizam Sa\u011flam taraf\u0131ndan kar\u015f\u0131lanan Say\u0131n Vali, esnaf\u0131n sorunlar\u0131n\u0131 yerinde dinleyerek \u00e7\u00f6z\u00fcm odakl\u0131 mesajlar verdi. Ba\u015fkan Nizam Sa\u011flam, \u201cSay\u0131n Valimizin odam\u0131z\u0131 ziyaret etmesi ve esnaf\u0131m\u0131zla yak\u0131ndan ilgilenmesi bizleri son derece memnun etti. Kendilerine te\u015fekk\u00fcrlerimizi sunar, desteklerinin devam\u0131n\u0131 temenni ederiz,\u201d \u015feklinde konu\u015ftu.<\/p>\n\n\n\n<p>Samimi bir atmosferde ger\u00e7ekle\u015fen bulu\u015fmada, toplu ta\u015f\u0131man\u0131n bel kemi\u011fini olu\u015fturan minib\u00fcs esnaf\u0131n\u0131n ya\u015fad\u0131\u011f\u0131 sorunlar ve beklentiler masaya yat\u0131r\u0131ld\u0131. \u0130stanbul Valisi Davut G\u00fcl ise minib\u00fcs\u00e7\u00fc esnaf\u0131n\u0131n \u0130stanbul\u2019un ula\u015f\u0131m sistemindeki kritik rol\u00fcn\u00fc vurgulayarak, her zaman destek\u00e7i olacaklar\u0131n\u0131n alt\u0131n\u0131 \u00e7izdi.<\/p>\n\n\n\n<p>\u00dcmraniye Minib\u00fcs\u00e7\u00fcler Esnaf Odas\u0131 olarak, Say\u0131n Valimizin bu nazik ziyareti bizler i\u00e7in b\u00fcy\u00fck bir onur kayna\u011f\u0131 olmu\u015ftur. Esnaf camiam\u0131za moral ve g\u00fc\u00e7 veren bu anlaml\u0131 bulu\u015fma, kurumlar aras\u0131 i\u015f birli\u011finin en g\u00fczel \u00f6rneklerinden biri olmu\u015ftur.<\/p>\n\n\n\n<figure class=\"wp-block-image size-full\"><img fetchpriority=\"high\" decoding=\"async\" width=\"724\" height=\"720\" src=\"https:\/\/www.umraniyeminibus.com\/wp-content\/uploads\/2025\/07\/WhatsApp-Image-2025-07-17-at-10.40.08.jpeg\" alt=\"\" class=\"wp-image-3434\" srcset=\"https:\/\/www.umraniyeminibus.com\/wp-content\/uploads\/2025\/07\/WhatsApp-Image-2025-07-17-at-10.40.08.jpeg 724w, https:\/\/www.umraniyeminibus.com\/wp-content\/uploads\/2025\/07\/WhatsApp-Image-2025-07-17-at-10.40.08-300x298.jpeg 300w, https:\/\/www.umraniyeminibus.com\/wp-content\/uploads\/2025\/07\/WhatsApp-Image-2025-07-17-at-10.40.08-150x150.jpeg 150w, https:\/\/www.umraniyeminibus.com\/wp-content\/uploads\/2025\/07\/WhatsApp-Image-2025-07-17-at-10.40.08-96x96.jpeg 96w\" sizes=\"(max-width: 724px) 100vw, 724px\" \/><\/figure>\n","protected":false},"excerpt":{"rendered":"<p>\u0130stanbul Valimiz Say\u0131n Davut G\u00fcl, \u00dcmraniye Minib\u00fcs\u00e7\u00fcler Esnaf Odas\u0131\u2019n\u0131 ziyaret ederek, minib\u00fcs\u00e7\u00fc esnaf\u0131m\u0131zla bir araya geldi. Ziyaret s\u0131ras\u0131nda esnaf\u0131m\u0131z\u0131n talep ve beklentilerini dinleyen Say\u0131n G\u00fcl\u2019e, odam\u0131z ve \u00fcyelerimize g\u00f6sterdi\u011fi yak\u0131n ilgi ve destekten dolay\u0131 te\u015fekk\u00fcr plaketi takdim edildi. Ziyarette, \u00dcmraniye Minib\u00fcs\u00e7\u00fcler Esnaf Odas\u0131 Ba\u015fkan\u0131 Nizam Sa\u011flam taraf\u0131ndan kar\u015f\u0131lanan Say\u0131n Vali, esnaf\u0131n sorunlar\u0131n\u0131 yerinde dinleyerek \u00e7\u00f6z\u00fcm [&hellip;]<\/p>\n","protected":false},"author":1,"featured_media":3435,"comment_status":"open","ping_status":"open","sticky":false,"template":"","format":"standard","meta":{"_monsterinsights_skip_tracking":false,"_monsterinsights_sitenote_active":false,"_monsterinsights_sitenote_note":"","_monsterinsights_sitenote_category":0,"footnotes":""},"categories":[141,150],"tags":[],"class_list":["post-3433","post","type-post","status-publish","format-standard","has-post-thumbnail","hentry","category-sol-parca","category-ust-sol"],"aioseo_notices":[],"_links":{"self":[{"href":"https:\/\/www.umraniyeminibus.com\/index.php?rest_route=\/wp\/v2\/posts\/3433","targetHints":{"allow":["GET"]}}],"collection":[{"href":"https:\/\/www.umraniyeminibus.com\/index.php?rest_route=\/wp\/v2\/posts"}],"about":[{"href":"https:\/\/www.umraniyeminibus.com\/index.php?rest_route=\/wp\/v2\/types\/post"}],"author":[{"embeddable":true,"href":"https:\/\/www.umraniyeminibus.com\/index.php?rest_route=\/wp\/v2\/users\/1"}],"replies":[{"embeddable":true,"href":"https:\/\/www.umraniyeminibus.com\/index.php?rest_route=%2Fwp%2Fv2%2Fcomments&post=3433"}],"version-history":[{"count":1,"href":"https:\/\/www.umraniyeminibus.com\/index.php?rest_route=\/wp\/v2\/posts\/3433\/revisions"}],"predecessor-version":[{"id":3436,"href":"https:\/\/www.umraniyeminibus.com\/index.php?rest_route=\/wp\/v2\/posts\/3433\/revisions\/3436"}],"wp:featuredmedia":[{"embeddable":true,"href":"https:\/\/www.umraniyeminibus.com\/index.php?rest_route=\/wp\/v2\/media\/3435"}],"wp:attachment":[{"href":"https:\/\/www.umraniyeminibus.com\/index.php?rest_route=%2Fwp%2Fv2%2Fmedia&parent=3433"}],"wp:term":[{"taxonomy":"category","embeddable":true,"href":"https:\/\/www.umraniyeminibus.com\/index.php?rest_route=%2Fwp%2Fv2%2Fcategories&post=3433"},{"taxonomy":"post_tag","embeddable":true,"href":"https:\/\/www.umraniyeminibus.com\/index.php?rest_route=%2Fwp%2Fv2%2Ftags&post=3433"}],"curies":[{"name":"wp","href":"https:\/\/api.w.org\/{rel}","templated":true}]}}