{"id":3430,"date":"2025-07-17T08:33:40","date_gmt":"2025-07-17T08:33:40","guid":{"rendered":"https:\/\/www.umraniyeminibus.com\/?p=3430"},"modified":"2025-07-17T08:33:44","modified_gmt":"2025-07-17T08:33:44","slug":"umraniye-kaymakami-yuksel-celike-iftar-programinda-plaket-takdim-edildi","status":"publish","type":"post","link":"https:\/\/www.umraniyeminibus.com\/?p=3430","title":{"rendered":"\u00dcmraniye Kaymakam\u0131 Y\u00fcksel \u00c7elik&#8217;e \u0130ftar Program\u0131nda Plaket Takdim Edildi"},"content":{"rendered":"\n<p>\u00dcmraniye Minib\u00fcs\u00e7\u00fcler Esnaf Odas\u0131 olarak d\u00fczenledi\u011fimiz geleneksel iftar yeme\u011fine, \u00dcmraniye Kaymakam\u0131m\u0131z Say\u0131n Y\u00fcksel \u00c7elik de kat\u0131l\u0131m sa\u011flad\u0131. Esnaf\u0131m\u0131zla ayn\u0131 sofrada bulu\u015farak bizleri onurland\u0131ran Kaymakam \u00c7elik&#8217;e, programa verdi\u011fi destek ve kat\u0131l\u0131m\u0131ndan dolay\u0131 plaket takdim ettik.<\/p>\n\n\n\n<p>Yo\u011fun ilgi g\u00f6ren iftar program\u0131nda, birlik ve beraberlik mesajlar\u0131 verilirken, esnaf camias\u0131n\u0131n sorunlar\u0131 ve beklentileri de samimi bir ortamda payla\u015f\u0131ld\u0131. Plaket t\u00f6reninde konu\u015fan Oda Ba\u015fkan\u0131m\u0131z Nizam Sa\u011flam, \u201cSay\u0131n Kaymakam\u0131m\u0131za kat\u0131l\u0131mlar\u0131ndan \u00f6t\u00fcr\u00fc te\u015fekk\u00fcr ediyor, desteklerinin bizim i\u00e7in \u00e7ok k\u0131ymetli oldu\u011funu ifade etmek istiyorum,\u201d dedi.<\/p>\n\n\n\n<p>\u00dcmraniye Minib\u00fcs\u00e7\u00fcler Esnaf Odas\u0131 olarak, geleneksel hale gelen bu t\u00fcr bulu\u015fmalarla esnaf aras\u0131nda dayan\u0131\u015fma k\u00fclt\u00fcr\u00fcn\u00fc daha da g\u00fc\u00e7lendirmeyi hedefliyoruz. Kat\u0131l\u0131m g\u00f6steren t\u00fcm misafirlerimize ve \u00fcyelerimize te\u015fekk\u00fcr ederiz.<\/p>\n","protected":false},"excerpt":{"rendered":"<p>\u00dcmraniye Minib\u00fcs\u00e7\u00fcler Esnaf Odas\u0131 olarak d\u00fczenledi\u011fimiz geleneksel iftar yeme\u011fine, \u00dcmraniye Kaymakam\u0131m\u0131z Say\u0131n Y\u00fcksel \u00c7elik de kat\u0131l\u0131m sa\u011flad\u0131. Esnaf\u0131m\u0131zla ayn\u0131 sofrada bulu\u015farak bizleri onurland\u0131ran Kaymakam \u00c7elik&#8217;e, programa verdi\u011fi destek ve kat\u0131l\u0131m\u0131ndan dolay\u0131 plaket takdim ettik. Yo\u011fun ilgi g\u00f6ren iftar program\u0131nda, birlik ve beraberlik mesajlar\u0131 verilirken, esnaf camias\u0131n\u0131n sorunlar\u0131 ve beklentileri de samimi bir ortamda payla\u015f\u0131ld\u0131. Plaket [&hellip;]<\/p>\n","protected":false},"author":1,"featured_media":3431,"comment_status":"open","ping_status":"open","sticky":false,"template":"","format":"standard","meta":{"_monsterinsights_skip_tracking":false,"_monsterinsights_sitenote_active":false,"_monsterinsights_sitenote_note":"","_monsterinsights_sitenote_category":0,"footnotes":""},"categories":[142],"tags":[],"class_list":["post-3430","post","type-post","status-publish","format-standard","has-post-thumbnail","hentry","category-sag-parca"],"aioseo_notices":[],"_links":{"self":[{"href":"https:\/\/www.umraniyeminibus.com\/index.php?rest_route=\/wp\/v2\/posts\/3430","targetHints":{"allow":["GET"]}}],"collection":[{"href":"https:\/\/www.umraniyeminibus.com\/index.php?rest_route=\/wp\/v2\/posts"}],"about":[{"href":"https:\/\/www.umraniyeminibus.com\/index.php?rest_route=\/wp\/v2\/types\/post"}],"author":[{"embeddable":true,"href":"https:\/\/www.umraniyeminibus.com\/index.php?rest_route=\/wp\/v2\/users\/1"}],"replies":[{"embeddable":true,"href":"https:\/\/www.umraniyeminibus.com\/index.php?rest_route=%2Fwp%2Fv2%2Fcomments&post=3430"}],"version-history":[{"count":1,"href":"https:\/\/www.umraniyeminibus.com\/index.php?rest_route=\/wp\/v2\/posts\/3430\/revisions"}],"predecessor-version":[{"id":3432,"href":"https:\/\/www.umraniyeminibus.com\/index.php?rest_route=\/wp\/v2\/posts\/3430\/revisions\/3432"}],"wp:featuredmedia":[{"embeddable":true,"href":"https:\/\/www.umraniyeminibus.com\/index.php?rest_route=\/wp\/v2\/media\/3431"}],"wp:attachment":[{"href":"https:\/\/www.umraniyeminibus.com\/index.php?rest_route=%2Fwp%2Fv2%2Fmedia&parent=3430"}],"wp:term":[{"taxonomy":"category","embeddable":true,"href":"https:\/\/www.umraniyeminibus.com\/index.php?rest_route=%2Fwp%2Fv2%2Fcategories&post=3430"},{"taxonomy":"post_tag","embeddable":true,"href":"https:\/\/www.umraniyeminibus.com\/index.php?rest_route=%2Fwp%2Fv2%2Ftags&post=3430"}],"curies":[{"name":"wp","href":"https:\/\/api.w.org\/{rel}","templated":true}]}}