{"id":3308,"date":"2025-07-17T08:30:53","date_gmt":"2025-07-17T08:30:53","guid":{"rendered":"https:\/\/www.umraniyeminibus.com\/?p=3308"},"modified":"2025-07-17T09:40:28","modified_gmt":"2025-07-17T09:40:28","slug":"nizam-saglamdan-adil-karaismailogluna-ziyaret-esnafin-sorunlari-masaya-yatirildi","status":"publish","type":"post","link":"https:\/\/www.umraniyeminibus.com\/?p=3308","title":{"rendered":"Nizam Sa\u011flam\u2019dan Adil Karaismailo\u011flu\u2019na Ziyaret: Esnaf\u0131n Sorunlar\u0131 Masaya Yat\u0131r\u0131ld\u0131"},"content":{"rendered":"\n<p>\u00dcmraniye Minib\u00fcs\u00e7\u00fcler Esnaf Odas\u0131 Ba\u015fkan\u0131 Nizam Sa\u011flam ve beraberindeki heyet, Ula\u015ft\u0131rma ve Altyap\u0131 Eski Bakan\u0131 Say\u0131n Adil Karaismailo\u011flu\u2019nu makam\u0131nda ziyaret etti. Ger\u00e7ekle\u015fen bu anlaml\u0131 ziyarette minib\u00fcs\u00e7\u00fc esnaf\u0131n\u0131n kar\u015f\u0131la\u015ft\u0131\u011f\u0131 sorunlar, beklentiler ve \u00e7\u00f6z\u00fcm \u00f6nerileri \u00fczerine kapsaml\u0131 bir isti\u015fare ger\u00e7ekle\u015ftirildi.<\/p>\n\n\n\n<p>Ziyaret s\u0131ras\u0131nda \u0130stanbul\u2019da faaliyet g\u00f6steren minib\u00fcs\u00e7\u00fc esnaf\u0131n\u0131n g\u00fczerg\u00e2h, yak\u0131t maliyetleri, dijital d\u00f6n\u00fc\u015f\u00fcm, trafik d\u00fczenlemeleri ve durak problemleri gibi temel konular\u0131 Say\u0131n Bakana iletildi. Ba\u015fkan Nizam Sa\u011flam, esnaf\u0131n sesi olma sorumlulu\u011fuyla t\u00fcm talepleri detayl\u0131 \u015fekilde aktard\u0131.<\/p>\n\n\n\n<p>Ziyarete ili\u015fkin a\u00e7\u0131klamada bulunan Sa\u011flam, \u201cSay\u0131n Bakan\u0131m\u0131zla olduk\u00e7a verimli bir g\u00f6r\u00fc\u015fme ger\u00e7ekle\u015ftirdik. Minib\u00fcs\u00e7\u00fc esnaf\u0131m\u0131z\u0131n kar\u015f\u0131la\u015ft\u0131\u011f\u0131 sorunlara \u00e7\u00f6z\u00fcm \u00fcretmek i\u00e7in gereken deste\u011fi almaktan memnuniyet duyduk. Kendisine ilgisi ve duyarl\u0131l\u0131\u011f\u0131 i\u00e7in te\u015fekk\u00fcr ediyorum,\u201d dedi.<\/p>\n\n\n\n<p>Say\u0131n Adil Karaismailo\u011flu ise minib\u00fcs\u00e7\u00fc esnaf\u0131n\u0131n, \u015fehir i\u00e7i ula\u015f\u0131mda \u00f6nemli bir g\u00f6rev \u00fcstlendi\u011fini belirterek, sekt\u00f6r\u00fcn ihtiya\u00e7lar\u0131na duyarl\u0131 olduklar\u0131n\u0131 ve her zaman destek vermeye haz\u0131r olduklar\u0131n\u0131 ifade etti.<\/p>\n\n\n\n<p>Ziyaret, kar\u015f\u0131l\u0131kl\u0131 iyi dileklerin ard\u0131ndan hat\u0131ra foto\u011fraf\u0131 ile sona erdi.<\/p>\n","protected":false},"excerpt":{"rendered":"<p>\u00dcmraniye Minib\u00fcs\u00e7\u00fcler Esnaf Odas\u0131 Ba\u015fkan\u0131 Nizam Sa\u011flam ve beraberindeki heyet, Ula\u015ft\u0131rma ve Altyap\u0131 Eski Bakan\u0131 Say\u0131n Adil Karaismailo\u011flu\u2019nu makam\u0131nda ziyaret etti. Ger\u00e7ekle\u015fen bu anlaml\u0131 ziyarette minib\u00fcs\u00e7\u00fc esnaf\u0131n\u0131n kar\u015f\u0131la\u015ft\u0131\u011f\u0131 sorunlar, beklentiler ve \u00e7\u00f6z\u00fcm \u00f6nerileri \u00fczerine kapsaml\u0131 bir isti\u015fare ger\u00e7ekle\u015ftirildi. Ziyaret s\u0131ras\u0131nda \u0130stanbul\u2019da faaliyet g\u00f6steren minib\u00fcs\u00e7\u00fc esnaf\u0131n\u0131n g\u00fczerg\u00e2h, yak\u0131t maliyetleri, dijital d\u00f6n\u00fc\u015f\u00fcm, trafik d\u00fczenlemeleri ve durak problemleri [&hellip;]<\/p>\n","protected":false},"author":1,"featured_media":3309,"comment_status":"open","ping_status":"open","sticky":false,"template":"","format":"standard","meta":{"_monsterinsights_skip_tracking":false,"_monsterinsights_sitenote_active":false,"_monsterinsights_sitenote_note":"","_monsterinsights_sitenote_category":0,"footnotes":""},"categories":[142,5],"tags":[],"class_list":["post-3308","post","type-post","status-publish","format-standard","has-post-thumbnail","hentry","category-sag-parca","category-ziyaret"],"aioseo_notices":[],"_links":{"self":[{"href":"https:\/\/www.umraniyeminibus.com\/index.php?rest_route=\/wp\/v2\/posts\/3308","targetHints":{"allow":["GET"]}}],"collection":[{"href":"https:\/\/www.umraniyeminibus.com\/index.php?rest_route=\/wp\/v2\/posts"}],"about":[{"href":"https:\/\/www.umraniyeminibus.com\/index.php?rest_route=\/wp\/v2\/types\/post"}],"author":[{"embeddable":true,"href":"https:\/\/www.umraniyeminibus.com\/index.php?rest_route=\/wp\/v2\/users\/1"}],"replies":[{"embeddable":true,"href":"https:\/\/www.umraniyeminibus.com\/index.php?rest_route=%2Fwp%2Fv2%2Fcomments&post=3308"}],"version-history":[{"count":1,"href":"https:\/\/www.umraniyeminibus.com\/index.php?rest_route=\/wp\/v2\/posts\/3308\/revisions"}],"predecessor-version":[{"id":3310,"href":"https:\/\/www.umraniyeminibus.com\/index.php?rest_route=\/wp\/v2\/posts\/3308\/revisions\/3310"}],"wp:featuredmedia":[{"embeddable":true,"href":"https:\/\/www.umraniyeminibus.com\/index.php?rest_route=\/wp\/v2\/media\/3309"}],"wp:attachment":[{"href":"https:\/\/www.umraniyeminibus.com\/index.php?rest_route=%2Fwp%2Fv2%2Fmedia&parent=3308"}],"wp:term":[{"taxonomy":"category","embeddable":true,"href":"https:\/\/www.umraniyeminibus.com\/index.php?rest_route=%2Fwp%2Fv2%2Fcategories&post=3308"},{"taxonomy":"post_tag","embeddable":true,"href":"https:\/\/www.umraniyeminibus.com\/index.php?rest_route=%2Fwp%2Fv2%2Ftags&post=3308"}],"curies":[{"name":"wp","href":"https:\/\/api.w.org\/{rel}","templated":true}]}}