{"id":3178,"date":"2024-02-07T09:22:00","date_gmt":"2024-02-07T09:22:00","guid":{"rendered":"https:\/\/www.umraniyeminibus.com\/?p=3178"},"modified":"2025-05-08T13:52:32","modified_gmt":"2025-05-08T13:52:32","slug":"secim-gunu-umraniye-uskudar-hattinda-esnafla-bulusma","status":"publish","type":"post","link":"https:\/\/www.umraniyeminibus.com\/?p=3178","title":{"rendered":"Se\u00e7im G\u00fcn\u00fc \u00dcmraniye\u2013\u00dcsk\u00fcdar Hatt\u0131nda Esnafla Bulu\u015fma"},"content":{"rendered":"\n<p>\u00dcmraniye Minib\u00fcs\u00e7\u00fcler Esnaf Odas\u0131 se\u00e7im s\u00fcreci kapsam\u0131nda, 7 \u015eubat 2024 tarihinde \u00dcmraniye\u2013\u00dcsk\u00fcdar minib\u00fcs hatt\u0131nda esnaf ziyareti ger\u00e7ekle\u015ftirildi. Oda Ba\u015fkan\u0131 Nizam Sa\u011flam, sabah saatlerinden itibaren minib\u00fcs duraklar\u0131n\u0131 tek tek ziyaret ederek esnafla bulu\u015ftu.<\/p>\n\n\n\n<p>Se\u00e7im atmosferine ra\u011fmen olduk\u00e7a samimi ge\u00e7en ziyaretlerde, minib\u00fcs\u00e7\u00fc esnaf\u0131 Ba\u015fkan Sa\u011flam\u2019a b\u00fcy\u00fck ilgi g\u00f6sterdi. Sahada \u00e7al\u0131\u015fan esnafla sohbet eden ve taleplerini dinleyen Sa\u011flam, \u201cBug\u00fcn bir demokrasi g\u00fcn\u00fc. T\u00fcm minib\u00fcs\u00e7\u00fc karde\u015flerime g\u00f6stermi\u015f olduklar\u0131 destek ve anlay\u0131\u015f i\u00e7in te\u015fekk\u00fcr ediyorum. Se\u00e7im s\u00fcrecini birlik ve beraberlik i\u00e7inde tamamlamak en b\u00fcy\u00fck kazanc\u0131m\u0131zd\u0131r,\u201d dedi.<\/p>\n\n\n\n<p>\u00dcmraniye\u2013\u00dcsk\u00fcdar hatt\u0131ndaki duraklarda yap\u0131lan ziyaretlerde \u00e7al\u0131\u015fma \u015fartlar\u0131, g\u00fczerg\u00e2h d\u00fczenlemeleri ve sekt\u00f6r\u00fcn gelece\u011fi \u00fczerine fikir al\u0131\u015fveri\u015finde bulunuldu. Ba\u015fkan Nizam Sa\u011flam, se\u00e7im sonras\u0131 da esnaf\u0131n her zaman yan\u0131nda olacaklar\u0131n\u0131 vurgulad\u0131.<\/p>\n\n\n\n<p>G\u00fcn\u00fcn sonunda yap\u0131lan bu anlaml\u0131 temaslar, se\u00e7im heyecan\u0131 i\u00e7inde birlik ve dayan\u0131\u015fma ruhunu peki\u015ftirdi. Minib\u00fcs\u00e7\u00fc esnaf\u0131, bu ilgiden duyduklar\u0131 memnuniyeti dile getirerek, Nizam Sa\u011flam\u2019a ba\u015far\u0131lar diledi.<\/p>\n","protected":false},"excerpt":{"rendered":"<p>\u00dcmraniye Minib\u00fcs\u00e7\u00fcler Esnaf Odas\u0131 se\u00e7im s\u00fcreci kapsam\u0131nda, 7 \u015eubat 2024 tarihinde \u00dcmraniye\u2013\u00dcsk\u00fcdar minib\u00fcs hatt\u0131nda esnaf ziyareti ger\u00e7ekle\u015ftirildi. Oda Ba\u015fkan\u0131 Nizam Sa\u011flam, sabah saatlerinden itibaren minib\u00fcs duraklar\u0131n\u0131 tek tek ziyaret ederek esnafla bulu\u015ftu. Se\u00e7im atmosferine ra\u011fmen olduk\u00e7a samimi ge\u00e7en ziyaretlerde, minib\u00fcs\u00e7\u00fc esnaf\u0131 Ba\u015fkan Sa\u011flam\u2019a b\u00fcy\u00fck ilgi g\u00f6sterdi. Sahada \u00e7al\u0131\u015fan esnafla sohbet eden ve taleplerini dinleyen Sa\u011flam, [&hellip;]<\/p>\n","protected":false},"author":1,"featured_media":3179,"comment_status":"open","ping_status":"open","sticky":false,"template":"","format":"standard","meta":{"_monsterinsights_skip_tracking":false,"_monsterinsights_sitenote_active":false,"_monsterinsights_sitenote_note":"","_monsterinsights_sitenote_category":0,"footnotes":""},"categories":[144,5],"tags":[],"class_list":["post-3178","post","type-post","status-publish","format-standard","has-post-thumbnail","hentry","category-sol-asagi","category-ziyaret"],"aioseo_notices":[],"_links":{"self":[{"href":"https:\/\/www.umraniyeminibus.com\/index.php?rest_route=\/wp\/v2\/posts\/3178","targetHints":{"allow":["GET"]}}],"collection":[{"href":"https:\/\/www.umraniyeminibus.com\/index.php?rest_route=\/wp\/v2\/posts"}],"about":[{"href":"https:\/\/www.umraniyeminibus.com\/index.php?rest_route=\/wp\/v2\/types\/post"}],"author":[{"embeddable":true,"href":"https:\/\/www.umraniyeminibus.com\/index.php?rest_route=\/wp\/v2\/users\/1"}],"replies":[{"embeddable":true,"href":"https:\/\/www.umraniyeminibus.com\/index.php?rest_route=%2Fwp%2Fv2%2Fcomments&post=3178"}],"version-history":[{"count":1,"href":"https:\/\/www.umraniyeminibus.com\/index.php?rest_route=\/wp\/v2\/posts\/3178\/revisions"}],"predecessor-version":[{"id":3180,"href":"https:\/\/www.umraniyeminibus.com\/index.php?rest_route=\/wp\/v2\/posts\/3178\/revisions\/3180"}],"wp:featuredmedia":[{"embeddable":true,"href":"https:\/\/www.umraniyeminibus.com\/index.php?rest_route=\/wp\/v2\/media\/3179"}],"wp:attachment":[{"href":"https:\/\/www.umraniyeminibus.com\/index.php?rest_route=%2Fwp%2Fv2%2Fmedia&parent=3178"}],"wp:term":[{"taxonomy":"category","embeddable":true,"href":"https:\/\/www.umraniyeminibus.com\/index.php?rest_route=%2Fwp%2Fv2%2Fcategories&post=3178"},{"taxonomy":"post_tag","embeddable":true,"href":"https:\/\/www.umraniyeminibus.com\/index.php?rest_route=%2Fwp%2Fv2%2Ftags&post=3178"}],"curies":[{"name":"wp","href":"https:\/\/api.w.org\/{rel}","templated":true}]}}