{"id":3171,"date":"2024-02-07T09:15:00","date_gmt":"2024-02-07T09:15:00","guid":{"rendered":"https:\/\/www.umraniyeminibus.com\/?p=3171"},"modified":"2025-05-08T13:52:10","modified_gmt":"2025-05-08T13:52:10","slug":"kaymakam-abdullah-aydindan-umraniye-minibusculer-odasina-ziyaret","status":"publish","type":"post","link":"https:\/\/www.umraniyeminibus.com\/?p=3171","title":{"rendered":"Kaymakam Abdulaziz Ayd\u0131n\u2019dan \u00dcmraniye Minib\u00fcs\u00e7\u00fcler Odas\u0131\u2019na Ziyaret"},"content":{"rendered":"\n<p>\u00dcmraniye Kaymakam\u0131 Say\u0131n Abdulaziz Ayd\u0131n, \u00dcmraniye Minib\u00fcs\u00e7\u00fcler Esnaf Odas\u0131\u2019n\u0131 ziyaret ederek Ba\u015fkan Nizam Sa\u011flam ile bir araya geldi. Ger\u00e7ekle\u015fen bu anlaml\u0131 ziyarette minib\u00fcs\u00e7\u00fc esnaf\u0131n\u0131n durumu, sekt\u00f6rdeki g\u00fcncel geli\u015fmeler ve yerel i\u015f birli\u011fi konular\u0131 ele al\u0131nd\u0131.<\/p>\n\n\n\n<p>Ziyaret s\u0131ras\u0131nda Oda Ba\u015fkan\u0131 Nizam Sa\u011flam, yap\u0131lan \u00e7al\u0131\u015fmalar, esnaf\u0131n talepleri ve \u00f6n\u00fcm\u00fczdeki d\u00f6nem projeleri hakk\u0131nda Kaymakam Ayd\u0131n\u2019a bilgi verdi. Samimi bir ortamda ge\u00e7en g\u00f6r\u00fc\u015fmede, minib\u00fcs\u00e7\u00fc esnaf\u0131n\u0131n toplumdaki yeri ve ta\u015f\u0131d\u0131\u011f\u0131 sorumluluk da vurguland\u0131.<\/p>\n\n\n\n<p>Ziyaretin ard\u0131ndan k\u0131sa bir de\u011ferlendirmede bulunan Ba\u015fkan Nizam Sa\u011flam, \u201cSay\u0131n Kaymakam\u0131m\u0131z\u0131n odam\u0131za ger\u00e7ekle\u015ftirdi\u011fi bu anlaml\u0131 ziyaret bizler i\u00e7in \u00e7ok k\u0131ymetli. Desteklerini her zaman yan\u0131m\u0131zda hissetmek bizlere g\u00fc\u00e7 veriyor,\u201d ifadelerini kulland\u0131.<\/p>\n\n\n\n<p>Kaymakam Abdulaziz Ayd\u0131n ise, minib\u00fcs\u00e7\u00fc esnaf\u0131n\u0131n kamu hizmetinin \u00f6nemli bir par\u00e7as\u0131 oldu\u011funu belirterek, \u201c\u00dcmraniye\u2019nin sosyal ve ekonomik yap\u0131s\u0131nda esnaf\u0131m\u0131z\u0131n yeri b\u00fcy\u00fckt\u00fcr. Bu ziyaret vesilesiyle dayan\u0131\u015fmam\u0131z\u0131 daha da peki\u015ftirdik,\u201d dedi.<\/p>\n\n\n\n<p>Ziyaret, hat\u0131ra foto\u011fraf\u0131 \u00e7ekimi ve kar\u015f\u0131l\u0131kl\u0131 iyi dileklerle sona erdi.<\/p>\n","protected":false},"excerpt":{"rendered":"<p>\u00dcmraniye Kaymakam\u0131 Say\u0131n Abdulaziz Ayd\u0131n, \u00dcmraniye Minib\u00fcs\u00e7\u00fcler Esnaf Odas\u0131\u2019n\u0131 ziyaret ederek Ba\u015fkan Nizam Sa\u011flam ile bir araya geldi. Ger\u00e7ekle\u015fen bu anlaml\u0131 ziyarette minib\u00fcs\u00e7\u00fc esnaf\u0131n\u0131n durumu, sekt\u00f6rdeki g\u00fcncel geli\u015fmeler ve yerel i\u015f birli\u011fi konular\u0131 ele al\u0131nd\u0131. Ziyaret s\u0131ras\u0131nda Oda Ba\u015fkan\u0131 Nizam Sa\u011flam, yap\u0131lan \u00e7al\u0131\u015fmalar, esnaf\u0131n talepleri ve \u00f6n\u00fcm\u00fczdeki d\u00f6nem projeleri hakk\u0131nda Kaymakam Ayd\u0131n\u2019a bilgi verdi. Samimi [&hellip;]<\/p>\n","protected":false},"author":1,"featured_media":3172,"comment_status":"open","ping_status":"open","sticky":false,"template":"","format":"standard","meta":{"_monsterinsights_skip_tracking":false,"_monsterinsights_sitenote_active":false,"_monsterinsights_sitenote_note":"","_monsterinsights_sitenote_category":0,"footnotes":""},"categories":[143,5],"tags":[],"class_list":["post-3171","post","type-post","status-publish","format-standard","has-post-thumbnail","hentry","category-orta-parca","category-ziyaret"],"aioseo_notices":[],"_links":{"self":[{"href":"https:\/\/www.umraniyeminibus.com\/index.php?rest_route=\/wp\/v2\/posts\/3171","targetHints":{"allow":["GET"]}}],"collection":[{"href":"https:\/\/www.umraniyeminibus.com\/index.php?rest_route=\/wp\/v2\/posts"}],"about":[{"href":"https:\/\/www.umraniyeminibus.com\/index.php?rest_route=\/wp\/v2\/types\/post"}],"author":[{"embeddable":true,"href":"https:\/\/www.umraniyeminibus.com\/index.php?rest_route=\/wp\/v2\/users\/1"}],"replies":[{"embeddable":true,"href":"https:\/\/www.umraniyeminibus.com\/index.php?rest_route=%2Fwp%2Fv2%2Fcomments&post=3171"}],"version-history":[{"count":3,"href":"https:\/\/www.umraniyeminibus.com\/index.php?rest_route=\/wp\/v2\/posts\/3171\/revisions"}],"predecessor-version":[{"id":3230,"href":"https:\/\/www.umraniyeminibus.com\/index.php?rest_route=\/wp\/v2\/posts\/3171\/revisions\/3230"}],"wp:featuredmedia":[{"embeddable":true,"href":"https:\/\/www.umraniyeminibus.com\/index.php?rest_route=\/wp\/v2\/media\/3172"}],"wp:attachment":[{"href":"https:\/\/www.umraniyeminibus.com\/index.php?rest_route=%2Fwp%2Fv2%2Fmedia&parent=3171"}],"wp:term":[{"taxonomy":"category","embeddable":true,"href":"https:\/\/www.umraniyeminibus.com\/index.php?rest_route=%2Fwp%2Fv2%2Fcategories&post=3171"},{"taxonomy":"post_tag","embeddable":true,"href":"https:\/\/www.umraniyeminibus.com\/index.php?rest_route=%2Fwp%2Fv2%2Ftags&post=3171"}],"curies":[{"name":"wp","href":"https:\/\/api.w.org\/{rel}","templated":true}]}}