{"id":3080,"date":"2025-05-05T01:47:59","date_gmt":"2025-05-05T01:47:59","guid":{"rendered":"https:\/\/www.umraniyeminibus.com\/?p=3080"},"modified":"2025-05-05T01:50:35","modified_gmt":"2025-05-05T01:50:35","slug":"kaymakam-abdullah-aydin-baskan-ismet-yildirim-ve-oda-baskanlari-umraniye-minibusculer-odasinin-yemeginde-bulustu","status":"publish","type":"post","link":"https:\/\/www.umraniyeminibus.com\/?p=3080","title":{"rendered":"Kaymakam Abdulaziz Ayd\u0131n, Ba\u015fkan \u0130smet Y\u0131ld\u0131r\u0131m ve Oda Ba\u015fkanlar\u0131, \u00dcmraniye Minib\u00fcs\u00e7\u00fcler Odas\u0131\u2019n\u0131n Yeme\u011finde Bulu\u015ftu"},"content":{"rendered":"\n<p>\u00dcmraniye Minib\u00fcs\u00e7\u00fcler Esnaf Odas\u0131 taraf\u0131ndan d\u00fczenlenen birlik ve dayan\u0131\u015fma yeme\u011fi, protokol\u00fcn ve esnaf temsilcilerinin yo\u011fun kat\u0131l\u0131m\u0131yla ger\u00e7ekle\u015fti. Programa \u00dcmraniye Kaymakam\u0131 Say\u0131n Abdulaziz Ayd\u0131n, \u00dcmraniye Belediye Ba\u015fkan\u0131m\u0131z Say\u0131n \u0130smet Y\u0131ld\u0131r\u0131m ve \u00e7ok say\u0131da oda ba\u015fkan\u0131 kat\u0131ld\u0131.<\/p>\n\n\n\n<p>Yemekte minib\u00fcs\u00e7\u00fc camias\u0131yla bir araya gelen protokol \u00fcyeleri, esnaf\u0131n talep ve \u00f6nerilerini dinledi, kar\u015f\u0131l\u0131kl\u0131 fikir al\u0131\u015fveri\u015finde bulunuldu. Geceye kat\u0131lan \u00dcmraniye Minib\u00fcs\u00e7\u00fcler Odas\u0131 Ba\u015fkan\u0131 Nizam Sa\u011flam, \u201cBu ak\u015fam, yaln\u0131zca bir yemek de\u011fil; g\u00f6n\u00fcl birli\u011fimizin, ortak m\u00fccadelemizin ve dayan\u0131\u015fmam\u0131z\u0131n bir yans\u0131mas\u0131d\u0131r. Kat\u0131l\u0131mlar\u0131yla bizleri onurland\u0131ran t\u00fcm misafirlerimize te\u015fekk\u00fcr ederim,\u201d dedi.<\/p>\n\n\n\n<p>Kaymakam Abdulaziz Ayd\u0131n ise yapt\u0131\u011f\u0131 konu\u015fmada, \u201c\u00dcmraniye\u2019nin dinamik yap\u0131s\u0131nda minib\u00fcs\u00e7\u00fc esnaf\u0131m\u0131z\u0131n \u00f6nemli bir yeri var. Her zaman sizlerle birlikte olmaktan mutluluk duyuyorum,\u201d ifadelerini kulland\u0131.<\/p>\n\n\n\n<p>Ba\u015fkan \u0130smet Y\u0131ld\u0131r\u0131m da konu\u015fmas\u0131nda, \u201c\u00dcmraniye\u2019mizin ula\u015f\u0131m y\u00fck\u00fcn\u00fc \u00e7eken minib\u00fcs\u00e7\u00fc karde\u015flerimizin yan\u0131nday\u0131z. Her zaman el birli\u011fiyle daha iyi hizmet sunmak i\u00e7in \u00e7al\u0131\u015fmaya devam edece\u011fiz,\u201d dedi.<\/p>\n\n\n\n<p>Samimi ve s\u0131cak bir ortamda ge\u00e7en yemek organizasyonu, hem sosyal birlikteli\u011fi peki\u015ftirdi hem de esnafla kamu y\u00f6neticileri aras\u0131ndaki k\u00f6pr\u00fcleri g\u00fc\u00e7lendirdi.<\/p>\n","protected":false},"excerpt":{"rendered":"<p>\u00dcmraniye Minib\u00fcs\u00e7\u00fcler Esnaf Odas\u0131 taraf\u0131ndan d\u00fczenlenen birlik ve dayan\u0131\u015fma yeme\u011fi, protokol\u00fcn ve esnaf temsilcilerinin yo\u011fun kat\u0131l\u0131m\u0131yla ger\u00e7ekle\u015fti. Programa \u00dcmraniye Kaymakam\u0131 Say\u0131n Abdulaziz Ayd\u0131n, \u00dcmraniye Belediye Ba\u015fkan\u0131m\u0131z Say\u0131n \u0130smet Y\u0131ld\u0131r\u0131m ve \u00e7ok say\u0131da oda ba\u015fkan\u0131 kat\u0131ld\u0131. Yemekte minib\u00fcs\u00e7\u00fc camias\u0131yla bir araya gelen protokol \u00fcyeleri, esnaf\u0131n talep ve \u00f6nerilerini dinledi, kar\u015f\u0131l\u0131kl\u0131 fikir al\u0131\u015fveri\u015finde bulunuldu. Geceye kat\u0131lan \u00dcmraniye [&hellip;]<\/p>\n","protected":false},"author":1,"featured_media":3081,"comment_status":"open","ping_status":"open","sticky":false,"template":"","format":"standard","meta":{"_monsterinsights_skip_tracking":false,"_monsterinsights_sitenote_active":false,"_monsterinsights_sitenote_note":"","_monsterinsights_sitenote_category":0,"footnotes":""},"categories":[142,5],"tags":[],"class_list":["post-3080","post","type-post","status-publish","format-standard","has-post-thumbnail","hentry","category-sag-parca","category-ziyaret"],"aioseo_notices":[],"_links":{"self":[{"href":"https:\/\/www.umraniyeminibus.com\/index.php?rest_route=\/wp\/v2\/posts\/3080","targetHints":{"allow":["GET"]}}],"collection":[{"href":"https:\/\/www.umraniyeminibus.com\/index.php?rest_route=\/wp\/v2\/posts"}],"about":[{"href":"https:\/\/www.umraniyeminibus.com\/index.php?rest_route=\/wp\/v2\/types\/post"}],"author":[{"embeddable":true,"href":"https:\/\/www.umraniyeminibus.com\/index.php?rest_route=\/wp\/v2\/users\/1"}],"replies":[{"embeddable":true,"href":"https:\/\/www.umraniyeminibus.com\/index.php?rest_route=%2Fwp%2Fv2%2Fcomments&post=3080"}],"version-history":[{"count":2,"href":"https:\/\/www.umraniyeminibus.com\/index.php?rest_route=\/wp\/v2\/posts\/3080\/revisions"}],"predecessor-version":[{"id":3083,"href":"https:\/\/www.umraniyeminibus.com\/index.php?rest_route=\/wp\/v2\/posts\/3080\/revisions\/3083"}],"wp:featuredmedia":[{"embeddable":true,"href":"https:\/\/www.umraniyeminibus.com\/index.php?rest_route=\/wp\/v2\/media\/3081"}],"wp:attachment":[{"href":"https:\/\/www.umraniyeminibus.com\/index.php?rest_route=%2Fwp%2Fv2%2Fmedia&parent=3080"}],"wp:term":[{"taxonomy":"category","embeddable":true,"href":"https:\/\/www.umraniyeminibus.com\/index.php?rest_route=%2Fwp%2Fv2%2Fcategories&post=3080"},{"taxonomy":"post_tag","embeddable":true,"href":"https:\/\/www.umraniyeminibus.com\/index.php?rest_route=%2Fwp%2Fv2%2Ftags&post=3080"}],"curies":[{"name":"wp","href":"https:\/\/api.w.org\/{rel}","templated":true}]}}