{"id":3068,"date":"2025-05-05T01:39:03","date_gmt":"2025-05-05T01:39:03","guid":{"rendered":"https:\/\/www.umraniyeminibus.com\/?p=3068"},"modified":"2025-05-05T01:39:07","modified_gmt":"2025-05-05T01:39:07","slug":"eski-baskan-yilmaz-kelesten-nizam-saglama-hayirli-olsun-ziyareti","status":"publish","type":"post","link":"https:\/\/www.umraniyeminibus.com\/?p=3068","title":{"rendered":"Eski Ba\u015fkan Y\u0131lmaz Kele\u015f\u2019ten Nizam Sa\u011flam\u2019a Hay\u0131rl\u0131 Olsun Ziyareti"},"content":{"rendered":"\n<p>\u00dcmraniye Minib\u00fcs\u00e7\u00fcler Esnaf Odas\u0131\u2019n\u0131n eski ba\u015fkan\u0131 Y\u0131lmaz Kele\u015f, g\u00f6reve yeni ba\u015flayan Ba\u015fkan Nizam Sa\u011flam\u2019a hay\u0131rl\u0131 olsun ziyaretinde bulundu. Samimi bir ortamda ger\u00e7ekle\u015fen bu anlaml\u0131 ziyaret, minib\u00fcs\u00e7\u00fc esnaf\u0131 aras\u0131nda takdirle kar\u015f\u0131land\u0131.<\/p>\n\n\n\n<p>Y\u0131llarca oda ba\u015fkanl\u0131\u011f\u0131 g\u00f6revini y\u00fcr\u00fcten Y\u0131lmaz Kele\u015f, ziyarette Nizam Sa\u011flam\u2019\u0131 tebrik ederek, yeni g\u00f6revinde ba\u015far\u0131lar diledi. Ziyaret s\u0131ras\u0131nda ge\u00e7mi\u015ften bug\u00fcne ta\u015f\u0131nan tecr\u00fcbeler payla\u015f\u0131l\u0131rken, birlik ve beraberlik mesajlar\u0131 \u00f6ne \u00e7\u0131kt\u0131.<\/p>\n\n\n\n<p>Nizam Sa\u011flam, eski ba\u015fkan\u0131n ziyaretinden duydu\u011fu memnuniyeti dile getirerek, \u201cSay\u0131n Y\u0131lmaz Kele\u015f\u2019e bu nazik ziyareti i\u00e7in te\u015fekk\u00fcr ediyorum. Tecr\u00fcbelerinden faydalanmak bizim i\u00e7in \u00e7ok de\u011ferli. Bu camiada eme\u011fi ge\u00e7mi\u015f herkesin yeri ayr\u0131,\u201d ifadelerini kulland\u0131.<\/p>\n\n\n\n<p>\u00dcmraniye Minib\u00fcs\u00e7\u00fcler Esnaf Odas\u0131&#8217;nda ger\u00e7ekle\u015fen bu ziyaret, ge\u00e7mi\u015fle gelecek aras\u0131nda bir k\u00f6pr\u00fc niteli\u011fi ta\u015f\u0131d\u0131. Esnaf camias\u0131nda birlik ruhunu g\u00fc\u00e7lendiren bu t\u00fcr bulu\u015fmalar\u0131n, sekt\u00f6rdeki dayan\u0131\u015fmay\u0131 art\u0131raca\u011f\u0131na inan\u0131l\u0131yor.<\/p>\n","protected":false},"excerpt":{"rendered":"<p>\u00dcmraniye Minib\u00fcs\u00e7\u00fcler Esnaf Odas\u0131\u2019n\u0131n eski ba\u015fkan\u0131 Y\u0131lmaz Kele\u015f, g\u00f6reve yeni ba\u015flayan Ba\u015fkan Nizam Sa\u011flam\u2019a hay\u0131rl\u0131 olsun ziyaretinde bulundu. Samimi bir ortamda ger\u00e7ekle\u015fen bu anlaml\u0131 ziyaret, minib\u00fcs\u00e7\u00fc esnaf\u0131 aras\u0131nda takdirle kar\u015f\u0131land\u0131. Y\u0131llarca oda ba\u015fkanl\u0131\u011f\u0131 g\u00f6revini y\u00fcr\u00fcten Y\u0131lmaz Kele\u015f, ziyarette Nizam Sa\u011flam\u2019\u0131 tebrik ederek, yeni g\u00f6revinde ba\u015far\u0131lar diledi. Ziyaret s\u0131ras\u0131nda ge\u00e7mi\u015ften bug\u00fcne ta\u015f\u0131nan tecr\u00fcbeler payla\u015f\u0131l\u0131rken, birlik ve [&hellip;]<\/p>\n","protected":false},"author":1,"featured_media":3069,"comment_status":"open","ping_status":"open","sticky":false,"template":"","format":"standard","meta":{"_monsterinsights_skip_tracking":false,"_monsterinsights_sitenote_active":false,"_monsterinsights_sitenote_note":"","_monsterinsights_sitenote_category":0,"footnotes":""},"categories":[142,5],"tags":[],"class_list":["post-3068","post","type-post","status-publish","format-standard","has-post-thumbnail","hentry","category-sag-parca","category-ziyaret"],"aioseo_notices":[],"_links":{"self":[{"href":"https:\/\/www.umraniyeminibus.com\/index.php?rest_route=\/wp\/v2\/posts\/3068","targetHints":{"allow":["GET"]}}],"collection":[{"href":"https:\/\/www.umraniyeminibus.com\/index.php?rest_route=\/wp\/v2\/posts"}],"about":[{"href":"https:\/\/www.umraniyeminibus.com\/index.php?rest_route=\/wp\/v2\/types\/post"}],"author":[{"embeddable":true,"href":"https:\/\/www.umraniyeminibus.com\/index.php?rest_route=\/wp\/v2\/users\/1"}],"replies":[{"embeddable":true,"href":"https:\/\/www.umraniyeminibus.com\/index.php?rest_route=%2Fwp%2Fv2%2Fcomments&post=3068"}],"version-history":[{"count":1,"href":"https:\/\/www.umraniyeminibus.com\/index.php?rest_route=\/wp\/v2\/posts\/3068\/revisions"}],"predecessor-version":[{"id":3070,"href":"https:\/\/www.umraniyeminibus.com\/index.php?rest_route=\/wp\/v2\/posts\/3068\/revisions\/3070"}],"wp:featuredmedia":[{"embeddable":true,"href":"https:\/\/www.umraniyeminibus.com\/index.php?rest_route=\/wp\/v2\/media\/3069"}],"wp:attachment":[{"href":"https:\/\/www.umraniyeminibus.com\/index.php?rest_route=%2Fwp%2Fv2%2Fmedia&parent=3068"}],"wp:term":[{"taxonomy":"category","embeddable":true,"href":"https:\/\/www.umraniyeminibus.com\/index.php?rest_route=%2Fwp%2Fv2%2Fcategories&post=3068"},{"taxonomy":"post_tag","embeddable":true,"href":"https:\/\/www.umraniyeminibus.com\/index.php?rest_route=%2Fwp%2Fv2%2Ftags&post=3068"}],"curies":[{"name":"wp","href":"https:\/\/api.w.org\/{rel}","templated":true}]}}