{"id":3065,"date":"2025-05-05T01:37:49","date_gmt":"2025-05-05T01:37:49","guid":{"rendered":"https:\/\/www.umraniyeminibus.com\/?p=3065"},"modified":"2025-05-05T01:37:52","modified_gmt":"2025-05-05T01:37:52","slug":"nizam-saglamdan-secim-oncesi-esnafla-bulusma-umraniye-cekmekoy-hattindan-kareler","status":"publish","type":"post","link":"https:\/\/www.umraniyeminibus.com\/?p=3065","title":{"rendered":"Nizam Sa\u011flam\u2019dan Se\u00e7im \u00d6ncesi Esnafla Bulu\u015fma: \u00dcmraniye\u2013\u00c7ekmek\u00f6y Hatt\u0131ndan Kareler"},"content":{"rendered":"\n<p>\u00dcmraniye Minib\u00fcs\u00e7\u00fcler Esnaf Odas\u0131 ba\u015fkan aday\u0131 Nizam Sa\u011flam, 2022 Eyl\u00fcl ay\u0131nda se\u00e7im \u00e7al\u0131\u015fmalar\u0131 kapsam\u0131nda \u00dcmraniye\u2013\u00c7ekmek\u00f6y minib\u00fcs hatt\u0131nda esnaf ziyaretleri ger\u00e7ekle\u015ftirdi. Yo\u011fun kat\u0131l\u0131m\u0131n oldu\u011fu saha gezilerinde Sa\u011flam, minib\u00fcs\u00e7\u00fc esnaf\u0131n\u0131n sorunlar\u0131n\u0131 dinledi, \u00e7\u00f6z\u00fcm \u00f6nerilerini payla\u015ft\u0131 ve destek istedi.<\/p>\n\n\n\n<p>Minib\u00fcs duraklar\u0131n\u0131 tek tek gezen Nizam Sa\u011flam ve ekibi, g\u00fcler y\u00fczle kar\u015f\u0131land\u0131. Esnaf\u0131n taleplerini not alan Sa\u011flam, \u201cBu hatt\u0131 ve burada emek veren karde\u015flerimizi \u00e7ok iyi tan\u0131yoruz. Sizin sesiniz olmak i\u00e7in aday\u0131z. Ula\u015f\u0131m\u0131n y\u00fck\u00fcn\u00fc \u00e7eken esnaf\u0131m\u0131z\u0131n daha iyi \u015fartlara kavu\u015fmas\u0131 i\u00e7in \u00e7al\u0131\u015faca\u011f\u0131z,\u201d dedi.<\/p>\n\n\n\n<p>Ziyaretler s\u0131ras\u0131nda minib\u00fcs\u00e7\u00fclerin \u00e7al\u0131\u015fma ko\u015fullar\u0131, g\u00fczerg\u00e2h d\u00fczenlemeleri ve hak kay\u0131plar\u0131 gibi konular g\u00fcndeme geldi. Sa\u011flam, \u00e7\u00f6z\u00fcm odakl\u0131 yakla\u015f\u0131m\u0131yla esnaf\u0131n deste\u011fini kazanmaya devam etti. \u00c7ekmek\u00f6y hatt\u0131ndaki minib\u00fcs\u00e7\u00fclerin samimi ilgisi, se\u00e7im s\u00fcrecinde moral ve motivasyon kayna\u011f\u0131 oldu.<\/p>\n\n\n\n<p>Eyl\u00fcl ay\u0131 boyunca yo\u011fun tempo ile s\u00fcrd\u00fcr\u00fclen saha \u00e7al\u0131\u015fmalar\u0131, Nizam Sa\u011flam\u2019\u0131n esnafla kurdu\u011fu g\u00fc\u00e7l\u00fc ileti\u015fimi bir kez daha g\u00f6zler \u00f6n\u00fcne serdi. Se\u00e7im atmosferine s\u0131cakl\u0131k katan bu ziyaretler, minib\u00fcs camias\u0131nda birlik ve beraberli\u011fin peki\u015fmesine vesile oldu.<\/p>\n","protected":false},"excerpt":{"rendered":"<p>\u00dcmraniye Minib\u00fcs\u00e7\u00fcler Esnaf Odas\u0131 ba\u015fkan aday\u0131 Nizam Sa\u011flam, 2022 Eyl\u00fcl ay\u0131nda se\u00e7im \u00e7al\u0131\u015fmalar\u0131 kapsam\u0131nda \u00dcmraniye\u2013\u00c7ekmek\u00f6y minib\u00fcs hatt\u0131nda esnaf ziyaretleri ger\u00e7ekle\u015ftirdi. Yo\u011fun kat\u0131l\u0131m\u0131n oldu\u011fu saha gezilerinde Sa\u011flam, minib\u00fcs\u00e7\u00fc esnaf\u0131n\u0131n sorunlar\u0131n\u0131 dinledi, \u00e7\u00f6z\u00fcm \u00f6nerilerini payla\u015ft\u0131 ve destek istedi. Minib\u00fcs duraklar\u0131n\u0131 tek tek gezen Nizam Sa\u011flam ve ekibi, g\u00fcler y\u00fczle kar\u015f\u0131land\u0131. Esnaf\u0131n taleplerini not alan Sa\u011flam, \u201cBu hatt\u0131 [&hellip;]<\/p>\n","protected":false},"author":1,"featured_media":3066,"comment_status":"open","ping_status":"open","sticky":false,"template":"","format":"standard","meta":{"_monsterinsights_skip_tracking":false,"_monsterinsights_sitenote_active":false,"_monsterinsights_sitenote_note":"","_monsterinsights_sitenote_category":0,"footnotes":""},"categories":[142,5],"tags":[],"class_list":["post-3065","post","type-post","status-publish","format-standard","has-post-thumbnail","hentry","category-sag-parca","category-ziyaret"],"aioseo_notices":[],"_links":{"self":[{"href":"https:\/\/www.umraniyeminibus.com\/index.php?rest_route=\/wp\/v2\/posts\/3065","targetHints":{"allow":["GET"]}}],"collection":[{"href":"https:\/\/www.umraniyeminibus.com\/index.php?rest_route=\/wp\/v2\/posts"}],"about":[{"href":"https:\/\/www.umraniyeminibus.com\/index.php?rest_route=\/wp\/v2\/types\/post"}],"author":[{"embeddable":true,"href":"https:\/\/www.umraniyeminibus.com\/index.php?rest_route=\/wp\/v2\/users\/1"}],"replies":[{"embeddable":true,"href":"https:\/\/www.umraniyeminibus.com\/index.php?rest_route=%2Fwp%2Fv2%2Fcomments&post=3065"}],"version-history":[{"count":1,"href":"https:\/\/www.umraniyeminibus.com\/index.php?rest_route=\/wp\/v2\/posts\/3065\/revisions"}],"predecessor-version":[{"id":3067,"href":"https:\/\/www.umraniyeminibus.com\/index.php?rest_route=\/wp\/v2\/posts\/3065\/revisions\/3067"}],"wp:featuredmedia":[{"embeddable":true,"href":"https:\/\/www.umraniyeminibus.com\/index.php?rest_route=\/wp\/v2\/media\/3066"}],"wp:attachment":[{"href":"https:\/\/www.umraniyeminibus.com\/index.php?rest_route=%2Fwp%2Fv2%2Fmedia&parent=3065"}],"wp:term":[{"taxonomy":"category","embeddable":true,"href":"https:\/\/www.umraniyeminibus.com\/index.php?rest_route=%2Fwp%2Fv2%2Fcategories&post=3065"},{"taxonomy":"post_tag","embeddable":true,"href":"https:\/\/www.umraniyeminibus.com\/index.php?rest_route=%2Fwp%2Fv2%2Ftags&post=3065"}],"curies":[{"name":"wp","href":"https:\/\/api.w.org\/{rel}","templated":true}]}}