{"id":3058,"date":"2025-05-05T01:33:34","date_gmt":"2025-05-05T01:33:34","guid":{"rendered":"https:\/\/www.umraniyeminibus.com\/?p=3058"},"modified":"2025-05-08T13:52:42","modified_gmt":"2025-05-08T13:52:42","slug":"yilmaz-kelesten-nizam-saglama-secim-gunu-anlamli-ziyaret","status":"publish","type":"post","link":"https:\/\/www.umraniyeminibus.com\/?p=3058","title":{"rendered":"Y\u0131lmaz Kele\u015f\u2019ten Nizam Sa\u011flam\u2019a Se\u00e7im G\u00fcn\u00fc Anlaml\u0131 Ziyaret"},"content":{"rendered":"\n<p>\u00dcmraniye Minib\u00fcs\u00e7\u00fcler Esnaf Odas\u0131\u2019nda 10 \u015eubat 2022 tarihinde ger\u00e7ekle\u015fen se\u00e7im g\u00fcn\u00fc anlaml\u0131 bir bulu\u015fmaya sahne oldu. Oda\u2019n\u0131n eski ba\u015fkan\u0131 Y\u0131lmaz Kele\u015f, se\u00e7im g\u00fcn\u00fc mevcut ba\u015fkan aday\u0131 olan Nizam Sa\u011flam\u2019\u0131 ziyaret ederek ba\u015far\u0131lar diledi ve yeni d\u00f6nem i\u00e7in tebriklerini iletti.<\/p>\n\n\n\n<p>Y\u0131llarca \u00dcmraniye minib\u00fcs\u00e7\u00fc esnaf\u0131na hizmet eden ve camian\u0131n yak\u0131ndan tan\u0131d\u0131\u011f\u0131 isimlerden biri olan Y\u0131lmaz Kele\u015f\u2019in bu nazik ziyareti, esnaf aras\u0131nda takdirle kar\u015f\u0131land\u0131. Oda i\u00e7inde birlik ve beraberlik mesajlar\u0131n\u0131n verildi\u011fi bu ziyaret, se\u00e7im atmosferine olumlu bir hava katt\u0131.<\/p>\n\n\n\n<figure class=\"wp-block-image size-large\"><img fetchpriority=\"high\" decoding=\"async\" width=\"1024\" height=\"768\" src=\"https:\/\/www.umraniyeminibus.com\/wp-content\/uploads\/2025\/05\/1.-SECIM-5-1024x768.jpeg\" alt=\"\" class=\"wp-image-3060\" srcset=\"https:\/\/www.umraniyeminibus.com\/wp-content\/uploads\/2025\/05\/1.-SECIM-5-1024x768.jpeg 1024w, https:\/\/www.umraniyeminibus.com\/wp-content\/uploads\/2025\/05\/1.-SECIM-5-300x225.jpeg 300w, https:\/\/www.umraniyeminibus.com\/wp-content\/uploads\/2025\/05\/1.-SECIM-5-768x576.jpeg 768w, https:\/\/www.umraniyeminibus.com\/wp-content\/uploads\/2025\/05\/1.-SECIM-5-1536x1152.jpeg 1536w, https:\/\/www.umraniyeminibus.com\/wp-content\/uploads\/2025\/05\/1.-SECIM-5.jpeg 1600w\" sizes=\"(max-width: 1024px) 100vw, 1024px\" \/><\/figure>\n\n\n\n<p>Ziyaret s\u0131ras\u0131nda k\u0131sa bir a\u00e7\u0131klama yapan Y\u0131lmaz Kele\u015f, \u201cBu bir bayrak yar\u0131\u015f\u0131d\u0131r. Kim kazan\u0131rsa kazans\u0131n, \u00f6nemli olan minib\u00fcs\u00e7\u00fc esnaf\u0131m\u0131z\u0131n kazanmas\u0131d\u0131r. Nizam karde\u015fime ba\u015far\u0131lar diliyorum,\u201d dedi.<\/p>\n\n\n\n<p>Se\u00e7imi kazanan Nizam Sa\u011flam ise eski ba\u015fkan\u0131n ziyaretinden duydu\u011fu memnuniyeti dile getirerek, \u201cSay\u0131n ba\u015fkan\u0131m\u0131z\u0131n deste\u011fini g\u00f6rmek bizim i\u00e7in \u00e7ok k\u0131ymetli. Bu camiaya y\u0131llarca emek verdi, kendisine te\u015fekk\u00fcr ediyorum,\u201d ifadelerini kulland\u0131.<\/p>\n\n\n\n<p>\u00dcmraniye Minib\u00fcs\u00e7\u00fcler Esnaf Odas\u0131\u2019nda ya\u015fanan bu centilmence diyalog, esnaf aras\u0131nda \u00f6rnek bir duru\u015f olarak haf\u0131zalara kaz\u0131nd\u0131.<\/p>\n","protected":false},"excerpt":{"rendered":"<p>\u00dcmraniye Minib\u00fcs\u00e7\u00fcler Esnaf Odas\u0131\u2019nda 10 \u015eubat 2022 tarihinde ger\u00e7ekle\u015fen se\u00e7im g\u00fcn\u00fc anlaml\u0131 bir bulu\u015fmaya sahne oldu. Oda\u2019n\u0131n eski ba\u015fkan\u0131 Y\u0131lmaz Kele\u015f, se\u00e7im g\u00fcn\u00fc mevcut ba\u015fkan aday\u0131 olan Nizam Sa\u011flam\u2019\u0131 ziyaret ederek ba\u015far\u0131lar diledi ve yeni d\u00f6nem i\u00e7in tebriklerini iletti. Y\u0131llarca \u00dcmraniye minib\u00fcs\u00e7\u00fc esnaf\u0131na hizmet eden ve camian\u0131n yak\u0131ndan tan\u0131d\u0131\u011f\u0131 isimlerden biri olan Y\u0131lmaz Kele\u015f\u2019in bu [&hellip;]<\/p>\n","protected":false},"author":1,"featured_media":3059,"comment_status":"open","ping_status":"open","sticky":false,"template":"","format":"standard","meta":{"_monsterinsights_skip_tracking":false,"_monsterinsights_sitenote_active":false,"_monsterinsights_sitenote_note":"","_monsterinsights_sitenote_category":0,"footnotes":""},"categories":[7,1,5],"tags":[],"class_list":["post-3058","post","type-post","status-publish","format-standard","has-post-thumbnail","hentry","category-bayramlasma","category-uncategorized","category-ziyaret"],"aioseo_notices":[],"_links":{"self":[{"href":"https:\/\/www.umraniyeminibus.com\/index.php?rest_route=\/wp\/v2\/posts\/3058","targetHints":{"allow":["GET"]}}],"collection":[{"href":"https:\/\/www.umraniyeminibus.com\/index.php?rest_route=\/wp\/v2\/posts"}],"about":[{"href":"https:\/\/www.umraniyeminibus.com\/index.php?rest_route=\/wp\/v2\/types\/post"}],"author":[{"embeddable":true,"href":"https:\/\/www.umraniyeminibus.com\/index.php?rest_route=\/wp\/v2\/users\/1"}],"replies":[{"embeddable":true,"href":"https:\/\/www.umraniyeminibus.com\/index.php?rest_route=%2Fwp%2Fv2%2Fcomments&post=3058"}],"version-history":[{"count":1,"href":"https:\/\/www.umraniyeminibus.com\/index.php?rest_route=\/wp\/v2\/posts\/3058\/revisions"}],"predecessor-version":[{"id":3061,"href":"https:\/\/www.umraniyeminibus.com\/index.php?rest_route=\/wp\/v2\/posts\/3058\/revisions\/3061"}],"wp:featuredmedia":[{"embeddable":true,"href":"https:\/\/www.umraniyeminibus.com\/index.php?rest_route=\/wp\/v2\/media\/3059"}],"wp:attachment":[{"href":"https:\/\/www.umraniyeminibus.com\/index.php?rest_route=%2Fwp%2Fv2%2Fmedia&parent=3058"}],"wp:term":[{"taxonomy":"category","embeddable":true,"href":"https:\/\/www.umraniyeminibus.com\/index.php?rest_route=%2Fwp%2Fv2%2Fcategories&post=3058"},{"taxonomy":"post_tag","embeddable":true,"href":"https:\/\/www.umraniyeminibus.com\/index.php?rest_route=%2Fwp%2Fv2%2Ftags&post=3058"}],"curies":[{"name":"wp","href":"https:\/\/api.w.org\/{rel}","templated":true}]}}